{"id":5673818,"date":"2025-02-04T15:52:36","date_gmt":"2025-02-04T15:52:36","guid":{"rendered":"https:\/\/www.centropapagiovanni.ch\/?p=5673818"},"modified":"2025-02-05T16:56:55","modified_gmt":"2025-02-05T16:56:55","slug":"il-territorio-della-missione-cattolica-di-lingua-italiana-nel-canton-lucerna-diventa-piu-grande","status":"publish","type":"post","link":"https:\/\/www.centropapagiovanni.ch\/index.php\/2025\/02\/04\/il-territorio-della-missione-cattolica-di-lingua-italiana-nel-canton-lucerna-diventa-piu-grande\/","title":{"rendered":"IL TERRITORIO DELLA MISSIONE CATTOLICA DI LINGUA ITALIANA NEL CANTON LUCERNA DIVENTA PI\u00d9 GRANDE!"},"content":{"rendered":"<section class=\"wpb-content-wrapper\">[vc_row][vc_column]<div class=\"norebro-heading-sc heading text-left\"\n\tid=\"norebro-custom-69f3499d47952\" \n\t \n\t>\n\t\n\t\n\t\n\t<h3 class=\"title\">\n\t\tMISSIONE CATTOLICA DI LINGUA ITALIANA NEL CANTON LUCERNA, NIDVALDO ed OBVALDO\t<\/h3>\n\n\t\n\t\t\t<p class=\"subtitle\">\n\t\t\t\t\t<\/p>\n\t\t\n<\/div>[\/vc_column][\/vc_row][vc_row][vc_column][vc_column_text]A fine gennaio 2025, don Lorenzo Campagnoli ha terminato il suo servizio pastorale presso la Missione Cattolica di Lingua Italiana della Svizzera Centrale. A seguito di questa decisione, don Egidio Todeschini, coordinatore nazionale dei missionari italiani in Svizzera, con l\u2019assenso delle amministrazioni delle chiese cattoliche cantonali, ha deciso che dal 1. febbraio 2025, la Missione Cattolica di Lingua Italiana nel Canton Lucerna assumer\u00e0 la competenza e la responsabilit\u00e0 anche dei fedeli cattolici di lingua italiana residenti nei cantoni di Nidwalden ed Obwalden. Dunque, la nostra comunit\u00e0 di fedeli di lingua italiana sar\u00e0 pi\u00f9 numerosa ed io sar\u00f2 responsabile della cura spirituale e pastorale, inoltre celebrer\u00f2 due volte al mese la Santa Eucaristia nella chiesa dedicata a Santa Maria Assunta in cielo (dei cappuccini) a Stans. Essendo gi\u00e0 cinque le Santa Messe che celebro regolarmente tra il sabato e la domenica e avendo gi\u00e0 superato il limite massimo di Sante Messe consentito ad un sacerdote, sono stato costretto a malincuore a lasciare la Santa Messa di Littau. A nome della Missione Cattolica di Lingua Italiana, invio un caloroso benvenuto ai nostri fratelli e sorelle dei cantoni di Nidvaldo e Obvaldo augurando a tutti di camminare insieme in questo anno giubilare!<\/p>\n<p>Vostro don Stefano Ranfi, Missionario<\/p>\n<p>&nbsp;<\/p>\n<p>Clicca <a href=\"https:\/\/www.centropapagiovanni.ch\/wp-content\/uploads\/sites\/9\/2025\/01\/Comunicato-MCLI-NW-OW-2025-02-01.jpg\" target=\"_blank\" rel=\"noopener\">qui<\/a>\u00a0 per vedere il comunicato.[\/vc_column_text][\/vc_column][\/vc_row]\n<\/section>","protected":false},"excerpt":{"rendered":"<p>[vc_row][vc_column][\/vc_column][\/vc_row][vc_row][vc_column][vc_column_text]A fine gennaio 2025, don Lorenzo Campagnoli ha terminato il suo servizio pastorale presso la Missione Cattolica di Lingua Italiana della Svizzera Centrale. A seguito di questa decisione, don Egidio Todeschini, coordinatore nazionale dei missionari italiani in Svizzera, con l\u2019assenso delle amministrazioni delle chiese cattoliche cantonali, ha deciso che dal 1. febbraio 2025, la Missione Cattolica di Lingua Italiana nel&#8230;<\/p>\n","protected":false},"author":7,"featured_media":0,"comment_status":"closed","ping_status":"closed","sticky":false,"template":"","format":"standard","meta":{"footnotes":""},"categories":[34,46],"tags":[],"class_list":["post-5673818","post","type-post","status-publish","format-standard","hentry","category-eventi-it","category-home"],"_links":{"self":[{"href":"https:\/\/www.centropapagiovanni.ch\/index.php\/wp-json\/wp\/v2\/posts\/5673818","targetHints":{"allow":["GET"]}}],"collection":[{"href":"https:\/\/www.centropapagiovanni.ch\/index.php\/wp-json\/wp\/v2\/posts"}],"about":[{"href":"https:\/\/www.centropapagiovanni.ch\/index.php\/wp-json\/wp\/v2\/types\/post"}],"author":[{"embeddable":true,"href":"https:\/\/www.centropapagiovanni.ch\/index.php\/wp-json\/wp\/v2\/users\/7"}],"replies":[{"embeddable":true,"href":"https:\/\/www.centropapagiovanni.ch\/index.php\/wp-json\/wp\/v2\/comments?post=5673818"}],"version-history":[{"count":12,"href":"https:\/\/www.centropapagiovanni.ch\/index.php\/wp-json\/wp\/v2\/posts\/5673818\/revisions"}],"predecessor-version":[{"id":5673943,"href":"https:\/\/www.centropapagiovanni.ch\/index.php\/wp-json\/wp\/v2\/posts\/5673818\/revisions\/5673943"}],"wp:attachment":[{"href":"https:\/\/www.centropapagiovanni.ch\/index.php\/wp-json\/wp\/v2\/media?parent=5673818"}],"wp:term":[{"taxonomy":"category","embeddable":true,"href":"https:\/\/www.centropapagiovanni.ch\/index.php\/wp-json\/wp\/v2\/categories?post=5673818"},{"taxonomy":"post_tag","embeddable":true,"href":"https:\/\/www.centropapagiovanni.ch\/index.php\/wp-json\/wp\/v2\/tags?post=5673818"}],"curies":[{"name":"wp","href":"https:\/\/api.w.org\/{rel}","templated":true}]}}