{"id":5674278,"date":"2025-10-23T14:38:50","date_gmt":"2025-10-23T14:38:50","guid":{"rendered":"https:\/\/www.centropapagiovanni.ch\/?p=5674278"},"modified":"2026-04-16T14:16:27","modified_gmt":"2026-04-16T14:16:27","slug":"corso-di-cresima-da-gennaio-2026","status":"publish","type":"post","link":"https:\/\/www.centropapagiovanni.ch\/index.php\/2025\/10\/23\/corso-di-cresima-da-gennaio-2026\/","title":{"rendered":"Preparazione alla Cresima &#8211; da domenica 18 gennaio 2026"},"content":{"rendered":"<section class=\"wpb-content-wrapper\">[vc_row][vc_column]<div class=\"norebro-heading-sc heading text-left\"\n\tid=\"norebro-custom-69f48676847c6\" \n\t \n\t>\n\t\n\t\n\t\n\t<h3 class=\"title\">\n\t\tCorso di Cresima - da domenica 18 gennaio 2025\t<\/h3>\n\n\t\n\t\t\t<p class=\"subtitle\">\n\t\t\t\t\t<\/p>\n\t\t\n<\/div><div class=\"norebro-text-sc \" \n\tid=\"norebro-custom-69f486768484c\" \n\t \n\t>\n\n\t<p>A tutte le persone, la nostra Missione offre ogni anno l\u2019opportunit\u00e0 di completare il loro cammino di iniziazione cristiana ricevendo il sacramento della Cresima. Pertanto, a partire da domenica 18 gennaio 2026, inizier\u00e0 un cammino di preparazione al sacramento, non solo dettato dalla necessit\u00e0 in vista del matrimonio o dell\u2019impegno da fungere da padrini, ma anche dal desiderio di riprendere un cammino di fede pi\u00f9 convinto e personale. Per tutti i ragazzi fino all&#8217;anno di nascit\u00e0 2009. Il corso di preparazione alla cresima inizier\u00e0 domenica 18 gennaio 2026. Se siete interessati potete compilare il <a href=\"\/index.php\/moduli\/\">modulo<\/a> e inviarlo tramite mail a <a href=\"mailto:centropapagiovanni@migrantenseelsorge-luzern.ch\">centropapagiovanni@migrantenseelsorge-luzern.ch<\/a><\/p>\n<p>Per informazioni potete prendere contatto con il nostro segretariato.<\/p>\n\t\n<\/div>[\/vc_column][\/vc_row]\n<\/section>","protected":false},"excerpt":{"rendered":"<p>[vc_row][vc_column][\/vc_column][\/vc_row]<\/p>\n","protected":false},"author":7,"featured_media":0,"comment_status":"closed","ping_status":"closed","sticky":false,"template":"","format":"standard","meta":{"footnotes":""},"categories":[34],"tags":[],"class_list":["post-5674278","post","type-post","status-publish","format-standard","hentry","category-eventi-it"],"_links":{"self":[{"href":"https:\/\/www.centropapagiovanni.ch\/index.php\/wp-json\/wp\/v2\/posts\/5674278","targetHints":{"allow":["GET"]}}],"collection":[{"href":"https:\/\/www.centropapagiovanni.ch\/index.php\/wp-json\/wp\/v2\/posts"}],"about":[{"href":"https:\/\/www.centropapagiovanni.ch\/index.php\/wp-json\/wp\/v2\/types\/post"}],"author":[{"embeddable":true,"href":"https:\/\/www.centropapagiovanni.ch\/index.php\/wp-json\/wp\/v2\/users\/7"}],"replies":[{"embeddable":true,"href":"https:\/\/www.centropapagiovanni.ch\/index.php\/wp-json\/wp\/v2\/comments?post=5674278"}],"version-history":[{"count":1,"href":"https:\/\/www.centropapagiovanni.ch\/index.php\/wp-json\/wp\/v2\/posts\/5674278\/revisions"}],"predecessor-version":[{"id":5674279,"href":"https:\/\/www.centropapagiovanni.ch\/index.php\/wp-json\/wp\/v2\/posts\/5674278\/revisions\/5674279"}],"wp:attachment":[{"href":"https:\/\/www.centropapagiovanni.ch\/index.php\/wp-json\/wp\/v2\/media?parent=5674278"}],"wp:term":[{"taxonomy":"category","embeddable":true,"href":"https:\/\/www.centropapagiovanni.ch\/index.php\/wp-json\/wp\/v2\/categories?post=5674278"},{"taxonomy":"post_tag","embeddable":true,"href":"https:\/\/www.centropapagiovanni.ch\/index.php\/wp-json\/wp\/v2\/tags?post=5674278"}],"curies":[{"name":"wp","href":"https:\/\/api.w.org\/{rel}","templated":true}]}}