{"id":5674317,"date":"2025-11-20T15:31:05","date_gmt":"2025-11-20T15:31:05","guid":{"rendered":"https:\/\/www.centropapagiovanni.ch\/?p=5674317"},"modified":"2025-11-27T10:27:41","modified_gmt":"2025-11-27T10:27:41","slug":"ritiro-spirituale","status":"publish","type":"post","link":"https:\/\/www.centropapagiovanni.ch\/index.php\/2025\/11\/20\/ritiro-spirituale\/","title":{"rendered":"Ritiro spirituale"},"content":{"rendered":"<section class=\"wpb-content-wrapper\">[vc_row][vc_column]<div class=\"norebro-heading-sc heading text-left\"\n\tid=\"norebro-custom-69f4865b82163\" \n\t \n\t>\n\t\n\t\n\t\n\t<h3 class=\"title\">\n\t\tRitiro spirituale sabato 22 novembre 2025\t<\/h3>\n\n\t\n\t\t\t<p class=\"subtitle\">\n\t\t\t\t\t<\/p>\n\t\t\n<\/div><div class=\"norebro-text-sc \" \n\tid=\"norebro-custom-69f4865b821b1\" \n\t \n\t>\n\n\t<p>Sabato 22 novembre avr\u00e0 luogo il ritiro spirituale in preparazione al natale &#8220;doniamo Ges\u00f9 in questo Natale&#8221;. L&#8217;incontro lo terr\u00e0 don Gabriele Diener. Cliccando<a href=\"https:\/\/www.centropapagiovanni.ch\/wp-content\/uploads\/sites\/9\/2025\/11\/Volantino-ritiro-spirituale-2025-natale.pdf\"> qui<\/a> trovate il volantino con tutte le informazioni.<\/p>\n\t\n<\/div>[\/vc_column][\/vc_row]\n<\/section>","protected":false},"excerpt":{"rendered":"<p>[vc_row][vc_column][\/vc_column][\/vc_row]<\/p>\n","protected":false},"author":7,"featured_media":0,"comment_status":"closed","ping_status":"closed","sticky":false,"template":"","format":"standard","meta":{"footnotes":""},"categories":[34],"tags":[],"class_list":["post-5674317","post","type-post","status-publish","format-standard","hentry","category-eventi-it"],"_links":{"self":[{"href":"https:\/\/www.centropapagiovanni.ch\/index.php\/wp-json\/wp\/v2\/posts\/5674317","targetHints":{"allow":["GET"]}}],"collection":[{"href":"https:\/\/www.centropapagiovanni.ch\/index.php\/wp-json\/wp\/v2\/posts"}],"about":[{"href":"https:\/\/www.centropapagiovanni.ch\/index.php\/wp-json\/wp\/v2\/types\/post"}],"author":[{"embeddable":true,"href":"https:\/\/www.centropapagiovanni.ch\/index.php\/wp-json\/wp\/v2\/users\/7"}],"replies":[{"embeddable":true,"href":"https:\/\/www.centropapagiovanni.ch\/index.php\/wp-json\/wp\/v2\/comments?post=5674317"}],"version-history":[{"count":1,"href":"https:\/\/www.centropapagiovanni.ch\/index.php\/wp-json\/wp\/v2\/posts\/5674317\/revisions"}],"predecessor-version":[{"id":5674319,"href":"https:\/\/www.centropapagiovanni.ch\/index.php\/wp-json\/wp\/v2\/posts\/5674317\/revisions\/5674319"}],"wp:attachment":[{"href":"https:\/\/www.centropapagiovanni.ch\/index.php\/wp-json\/wp\/v2\/media?parent=5674317"}],"wp:term":[{"taxonomy":"category","embeddable":true,"href":"https:\/\/www.centropapagiovanni.ch\/index.php\/wp-json\/wp\/v2\/categories?post=5674317"},{"taxonomy":"post_tag","embeddable":true,"href":"https:\/\/www.centropapagiovanni.ch\/index.php\/wp-json\/wp\/v2\/tags?post=5674317"}],"curies":[{"name":"wp","href":"https:\/\/api.w.org\/{rel}","templated":true}]}}