{"id":5674320,"date":"2025-11-20T15:42:31","date_gmt":"2025-11-20T15:42:31","guid":{"rendered":"https:\/\/www.centropapagiovanni.ch\/?p=5674320"},"modified":"2025-11-27T10:20:20","modified_gmt":"2025-11-27T10:20:20","slug":"pranzo-povero","status":"publish","type":"post","link":"https:\/\/www.centropapagiovanni.ch\/index.php\/2025\/11\/20\/pranzo-povero\/","title":{"rendered":"Pranzo Povero"},"content":{"rendered":"<section class=\"wpb-content-wrapper\">[vc_row][vc_column]<div class=\"norebro-heading-sc heading text-left\"\n\tid=\"norebro-custom-69f486500a473\" \n\t \n\t>\n\t\n\t\n\t\n\t<h3 class=\"title\">\n\t\tPranzo povero domenica 23 novembre 2025\t<\/h3>\n\n\t\n\t\t\t<p class=\"subtitle\">\n\t\t\t\t\t<\/p>\n\t\t\n<\/div><div class=\"norebro-text-sc \" \n\tid=\"norebro-custom-69f486500a4e3\" \n\t \n\t>\n\n\t<p>Domenica 23 novembre avr\u00e0 luogo il pranzo povero, dalle ore 11.30 &#8211; 14.30 presso il Centro Papa Giovanni in Emmenbr\u00fccke. Il pranzo \u00e8 gratuito con offerta libera. Cliccando <a href=\"https:\/\/www.centropapagiovanni.ch\/wp-content\/uploads\/sites\/9\/2025\/11\/Volantino-pranzo-povero-2025.pdf\">qui<\/a> trovate il volantino.<\/p>\n\t\n<\/div>[\/vc_column][\/vc_row]\n<\/section>","protected":false},"excerpt":{"rendered":"<p>[vc_row][vc_column][\/vc_column][\/vc_row]<\/p>\n","protected":false},"author":7,"featured_media":0,"comment_status":"closed","ping_status":"closed","sticky":false,"template":"","format":"standard","meta":{"footnotes":""},"categories":[34],"tags":[],"class_list":["post-5674320","post","type-post","status-publish","format-standard","hentry","category-eventi-it"],"_links":{"self":[{"href":"https:\/\/www.centropapagiovanni.ch\/index.php\/wp-json\/wp\/v2\/posts\/5674320","targetHints":{"allow":["GET"]}}],"collection":[{"href":"https:\/\/www.centropapagiovanni.ch\/index.php\/wp-json\/wp\/v2\/posts"}],"about":[{"href":"https:\/\/www.centropapagiovanni.ch\/index.php\/wp-json\/wp\/v2\/types\/post"}],"author":[{"embeddable":true,"href":"https:\/\/www.centropapagiovanni.ch\/index.php\/wp-json\/wp\/v2\/users\/7"}],"replies":[{"embeddable":true,"href":"https:\/\/www.centropapagiovanni.ch\/index.php\/wp-json\/wp\/v2\/comments?post=5674320"}],"version-history":[{"count":1,"href":"https:\/\/www.centropapagiovanni.ch\/index.php\/wp-json\/wp\/v2\/posts\/5674320\/revisions"}],"predecessor-version":[{"id":5674322,"href":"https:\/\/www.centropapagiovanni.ch\/index.php\/wp-json\/wp\/v2\/posts\/5674320\/revisions\/5674322"}],"wp:attachment":[{"href":"https:\/\/www.centropapagiovanni.ch\/index.php\/wp-json\/wp\/v2\/media?parent=5674320"}],"wp:term":[{"taxonomy":"category","embeddable":true,"href":"https:\/\/www.centropapagiovanni.ch\/index.php\/wp-json\/wp\/v2\/categories?post=5674320"},{"taxonomy":"post_tag","embeddable":true,"href":"https:\/\/www.centropapagiovanni.ch\/index.php\/wp-json\/wp\/v2\/tags?post=5674320"}],"curies":[{"name":"wp","href":"https:\/\/api.w.org\/{rel}","templated":true}]}}