{"id":5674536,"date":"2026-01-08T13:25:30","date_gmt":"2026-01-08T13:25:30","guid":{"rendered":"https:\/\/www.centropapagiovanni.ch\/?p=5674536"},"modified":"2026-01-29T08:31:14","modified_gmt":"2026-01-29T08:31:14","slug":"giornata-in-famiglia-a-reiden","status":"publish","type":"post","link":"https:\/\/www.centropapagiovanni.ch\/index.php\/2026\/01\/08\/giornata-in-famiglia-a-reiden\/","title":{"rendered":"Domenica 18 gennaio giornata comunitaria a Reiden"},"content":{"rendered":"<section class=\"wpb-content-wrapper\">[vc_row][vc_column]<div class=\"norebro-heading-sc heading text-left\"\n\tid=\"norebro-custom-69f4865b81b91\" \n\t \n\t>\n\t\n\t\n\t\n\t<h3 class=\"title\">\n\t\tDomenica 18 gennaio 2026, giornata comunitaria presso il centro parrocchiale di Reiden\t<\/h3>\n\n\t\n\t\t\t<p class=\"subtitle\">\n\t\t\t\t\t<\/p>\n\t\t\n<\/div>[\/vc_column][\/vc_row][vc_row][vc_column][vc_column_text]<strong>Programma della giornata:\u00a0<\/strong><\/p>\n<p>Ore 12.30: pranzo comunitario presso il centro parrocchiale di Reiden. Durante il pomeriggio ci sar\u00e0 la proiezione del film colossal &#8220;Ben Hur&#8221;, cui seguir\u00e0 un Cineforum.<\/p>\n<p>A conclusione ci sar\u00e0 la celebrazione della Santa Messa.<\/p>\n<p>Cliccando q<a href=\"https:\/\/www.centropapagiovanni.ch\/wp-content\/uploads\/sites\/9\/2026\/01\/PRANZO-COMUNITARIO-REIDEN.pdf\">ui<\/a>, trovate il volantino.[\/vc_column_text][\/vc_column][\/vc_row]\n<\/section>","protected":false},"excerpt":{"rendered":"<p>[vc_row][vc_column][\/vc_column][\/vc_row][vc_row][vc_column][vc_column_text]Programma della giornata:\u00a0 Ore 12.30: pranzo comunitario presso il centro parrocchiale di Reiden. Durante il pomeriggio ci sar\u00e0 la proiezione del film colossal &#8220;Ben Hur&#8221;, cui seguir\u00e0 un Cineforum. A conclusione ci sar\u00e0 la celebrazione della Santa Messa. Cliccando qui, trovate il volantino.[\/vc_column_text][\/vc_column][\/vc_row]<\/p>\n","protected":false},"author":7,"featured_media":0,"comment_status":"closed","ping_status":"closed","sticky":false,"template":"","format":"standard","meta":{"footnotes":""},"categories":[34],"tags":[],"class_list":["post-5674536","post","type-post","status-publish","format-standard","hentry","category-eventi-it"],"_links":{"self":[{"href":"https:\/\/www.centropapagiovanni.ch\/index.php\/wp-json\/wp\/v2\/posts\/5674536","targetHints":{"allow":["GET"]}}],"collection":[{"href":"https:\/\/www.centropapagiovanni.ch\/index.php\/wp-json\/wp\/v2\/posts"}],"about":[{"href":"https:\/\/www.centropapagiovanni.ch\/index.php\/wp-json\/wp\/v2\/types\/post"}],"author":[{"embeddable":true,"href":"https:\/\/www.centropapagiovanni.ch\/index.php\/wp-json\/wp\/v2\/users\/7"}],"replies":[{"embeddable":true,"href":"https:\/\/www.centropapagiovanni.ch\/index.php\/wp-json\/wp\/v2\/comments?post=5674536"}],"version-history":[{"count":4,"href":"https:\/\/www.centropapagiovanni.ch\/index.php\/wp-json\/wp\/v2\/posts\/5674536\/revisions"}],"predecessor-version":[{"id":5674542,"href":"https:\/\/www.centropapagiovanni.ch\/index.php\/wp-json\/wp\/v2\/posts\/5674536\/revisions\/5674542"}],"wp:attachment":[{"href":"https:\/\/www.centropapagiovanni.ch\/index.php\/wp-json\/wp\/v2\/media?parent=5674536"}],"wp:term":[{"taxonomy":"category","embeddable":true,"href":"https:\/\/www.centropapagiovanni.ch\/index.php\/wp-json\/wp\/v2\/categories?post=5674536"},{"taxonomy":"post_tag","embeddable":true,"href":"https:\/\/www.centropapagiovanni.ch\/index.php\/wp-json\/wp\/v2\/tags?post=5674536"}],"curies":[{"name":"wp","href":"https:\/\/api.w.org\/{rel}","templated":true}]}}