{"id":5674581,"date":"2026-03-05T17:00:58","date_gmt":"2026-03-05T17:00:58","guid":{"rendered":"https:\/\/www.centropapagiovanni.ch\/?p=5674581"},"modified":"2026-03-19T16:18:50","modified_gmt":"2026-03-19T16:18:50","slug":"sabato-14-marzo-ritiro-spirituale-in-preparazione-alla-pasqua","status":"publish","type":"post","link":"https:\/\/www.centropapagiovanni.ch\/index.php\/2026\/03\/05\/sabato-14-marzo-ritiro-spirituale-in-preparazione-alla-pasqua\/","title":{"rendered":"Sabato 14 marzo: Ritiro spirituale in preparazione alla Pasqua"},"content":{"rendered":"<section class=\"wpb-content-wrapper\">[vc_row][vc_column]<div class=\"norebro-heading-sc heading text-left\"\n\tid=\"norebro-custom-69f48866da9b9\" \n\t \n\t>\n\t\n\t\n\t\n\t<h3 class=\"title\">\n\t\tSabato 14 marzo\nRitiro spirituale in preparazione alla Quaresima\t<\/h3>\n\n\t\n\t\t\t<p class=\"subtitle\">\n\t\t\t\t\t<\/p>\n\t\t\n<\/div><div class=\"norebro-text-sc \" \n\tid=\"norebro-custom-69f48866daa28\" \n\t \n\t>\n\n\t<p>Sabato 14 marzo avr\u00e0 luogo il ritiro spirituale in preparazione alla Pasqua sulle 7 parole di Ges\u00f9. Il relatore sar\u00e0 il coordinatore nazionale delle Missioni Italine, don Egidio Todeschini.<\/p>\n\t\n<\/div>[vc_empty_space]<div class=\"norebro-button-sc btn-wrap text-left\" \n\tid=\"norebro-custom-69f48866daa99\"\n\t \n\t>\n\n\t<a href=\"https:\/\/www.centropapagiovanni.ch\/wp-content\/uploads\/sites\/9\/2026\/03\/Volantino-ritiro-spirituale-marzo-2026.pdf\" \n\t\tclass=\"btn  btn-squared btn-outline btn-huge\">\n\n\t\t\n\t\t<span class=\"text\">\n\t\t\tScarica il volantino in PDF\t\t<\/span>\n\n\t\t\n\t\t\t<\/a>\n\n<\/div>[\/vc_column][\/vc_row]\n<\/section>","protected":false},"excerpt":{"rendered":"<p>[vc_row][vc_column][vc_empty_space][\/vc_column][\/vc_row]<\/p>\n","protected":false},"author":7,"featured_media":0,"comment_status":"closed","ping_status":"closed","sticky":false,"template":"","format":"standard","meta":{"footnotes":""},"categories":[34],"tags":[],"class_list":["post-5674581","post","type-post","status-publish","format-standard","hentry","category-eventi-it"],"_links":{"self":[{"href":"https:\/\/www.centropapagiovanni.ch\/index.php\/wp-json\/wp\/v2\/posts\/5674581","targetHints":{"allow":["GET"]}}],"collection":[{"href":"https:\/\/www.centropapagiovanni.ch\/index.php\/wp-json\/wp\/v2\/posts"}],"about":[{"href":"https:\/\/www.centropapagiovanni.ch\/index.php\/wp-json\/wp\/v2\/types\/post"}],"author":[{"embeddable":true,"href":"https:\/\/www.centropapagiovanni.ch\/index.php\/wp-json\/wp\/v2\/users\/7"}],"replies":[{"embeddable":true,"href":"https:\/\/www.centropapagiovanni.ch\/index.php\/wp-json\/wp\/v2\/comments?post=5674581"}],"version-history":[{"count":1,"href":"https:\/\/www.centropapagiovanni.ch\/index.php\/wp-json\/wp\/v2\/posts\/5674581\/revisions"}],"predecessor-version":[{"id":5674583,"href":"https:\/\/www.centropapagiovanni.ch\/index.php\/wp-json\/wp\/v2\/posts\/5674581\/revisions\/5674583"}],"wp:attachment":[{"href":"https:\/\/www.centropapagiovanni.ch\/index.php\/wp-json\/wp\/v2\/media?parent=5674581"}],"wp:term":[{"taxonomy":"category","embeddable":true,"href":"https:\/\/www.centropapagiovanni.ch\/index.php\/wp-json\/wp\/v2\/categories?post=5674581"},{"taxonomy":"post_tag","embeddable":true,"href":"https:\/\/www.centropapagiovanni.ch\/index.php\/wp-json\/wp\/v2\/tags?post=5674581"}],"curies":[{"name":"wp","href":"https:\/\/api.w.org\/{rel}","templated":true}]}}