{"id":5674953,"date":"2026-09-01T07:29:13","date_gmt":"2026-09-01T07:29:13","guid":{"rendered":"https:\/\/www.centropapagiovanni.ch\/?p=5674953"},"modified":"2026-09-01T07:29:25","modified_gmt":"2026-09-01T07:29:25","slug":"corso-di-dizione-per-i-lettori-e-le-persone-di-buona-volonta","status":"publish","type":"post","link":"https:\/\/www.centropapagiovanni.ch\/index.php\/2026\/09\/01\/corso-di-dizione-per-i-lettori-e-le-persone-di-buona-volonta\/","title":{"rendered":"Corso di dizione per i lettori e le persone di buona volont\u00e0"},"content":{"rendered":"<section class=\"wpb-content-wrapper\">[vc_row][vc_column]<div class=\"norebro-heading-sc heading text-left\"\n\tid=\"norebro-custom-6a96c1ee99c05\" \n\t \n\t>\n\t\n\t\n\t\n\t<h3 class=\"title\">\n\t\tDa gioved\u00ec 24 settembre 2026\t<\/h3>\n\n\t\n\t\t\t<p class=\"subtitle\">\n\t\t\t\t\t<\/p>\n\t\t\n<\/div><div class=\"norebro-text-sc \" \n\tid=\"norebro-custom-6a96c1ee99cd9\" \n\t \n\t>\n\n\t<p>A partire da gioved\u00ec, 24 settembre, alle ore 20.00, presso il Centro Papa Giovanni ad Emmenbr\u00fccke, don Stefano terr\u00e0 un corso di dizione obbligatorio per i lettori e le lettrici della nostra Missione, che si sono assunte il compito di proclamare la Parola di Dio durante le celebrazioni liturgiche.<br \/>\nEsso sar\u00e0 aperto a tutti e dunque, potr\u00e0 essere frequentato anche da persone che non svolgono questo prezioso servizio durante le Sante Messe. Questo percorso formativo, scandito da incontri periodici di tipo spirituale e tecnico, mira ad aiutare il lettore a interiorizzare il messaggio che dovr\u00e0 far arrivare al cuore dei fedeli.<\/p>\n\t\n<\/div>[\/vc_column][\/vc_row]\n<\/section>","protected":false},"excerpt":{"rendered":"<p>[vc_row][vc_column][\/vc_column][\/vc_row]<\/p>\n","protected":false},"author":7,"featured_media":0,"comment_status":"closed","ping_status":"closed","sticky":false,"template":"","format":"standard","meta":{"footnotes":""},"categories":[34,46],"tags":[],"class_list":["post-5674953","post","type-post","status-publish","format-standard","hentry","category-eventi-it","category-home"],"_links":{"self":[{"href":"https:\/\/www.centropapagiovanni.ch\/index.php\/wp-json\/wp\/v2\/posts\/5674953","targetHints":{"allow":["GET"]}}],"collection":[{"href":"https:\/\/www.centropapagiovanni.ch\/index.php\/wp-json\/wp\/v2\/posts"}],"about":[{"href":"https:\/\/www.centropapagiovanni.ch\/index.php\/wp-json\/wp\/v2\/types\/post"}],"author":[{"embeddable":true,"href":"https:\/\/www.centropapagiovanni.ch\/index.php\/wp-json\/wp\/v2\/users\/7"}],"replies":[{"embeddable":true,"href":"https:\/\/www.centropapagiovanni.ch\/index.php\/wp-json\/wp\/v2\/comments?post=5674953"}],"version-history":[{"count":1,"href":"https:\/\/www.centropapagiovanni.ch\/index.php\/wp-json\/wp\/v2\/posts\/5674953\/revisions"}],"predecessor-version":[{"id":5674954,"href":"https:\/\/www.centropapagiovanni.ch\/index.php\/wp-json\/wp\/v2\/posts\/5674953\/revisions\/5674954"}],"wp:attachment":[{"href":"https:\/\/www.centropapagiovanni.ch\/index.php\/wp-json\/wp\/v2\/media?parent=5674953"}],"wp:term":[{"taxonomy":"category","embeddable":true,"href":"https:\/\/www.centropapagiovanni.ch\/index.php\/wp-json\/wp\/v2\/categories?post=5674953"},{"taxonomy":"post_tag","embeddable":true,"href":"https:\/\/www.centropapagiovanni.ch\/index.php\/wp-json\/wp\/v2\/tags?post=5674953"}],"curies":[{"name":"wp","href":"https:\/\/api.w.org\/{rel}","templated":true}]}}